{"id":3042,"date":"2019-01-19T10:25:18","date_gmt":"2019-01-19T09:25:18","guid":{"rendered":"https:\/\/trierer-jugendparlament.de\/?p=3042"},"modified":"2026-03-11T16:15:55","modified_gmt":"2026-03-11T15:15:55","slug":"jugendparlamentarier","status":"publish","type":"post","link":"https:\/\/trierer-jugendparlament.de\/?p=3042","title":{"rendered":"Jugendparlamentarier"},"content":{"rendered":"\n<p><\/p>\n\n\n\n<figure class=\"wp-block-image size-full is-resized\"><img loading=\"lazy\" decoding=\"async\" width=\"300\" height=\"533\" src=\"https:\/\/trierer-jugendparlament.de\/wp-content\/uploads\/2026\/03\/Alle-jupas.jpg\" alt=\"\" class=\"wp-image-3608\" style=\"width:254px;height:auto\" srcset=\"https:\/\/trierer-jugendparlament.de\/wp-content\/uploads\/2026\/03\/Alle-jupas.jpg 300w, https:\/\/trierer-jugendparlament.de\/wp-content\/uploads\/2026\/03\/Alle-jupas-169x300.jpg 169w, https:\/\/trierer-jugendparlament.de\/wp-content\/uploads\/2026\/03\/Alle-jupas-84x150.jpg 84w\" sizes=\"auto, (max-width: 300px) 100vw, 300px\" \/><\/figure>\n\n\n\n<p>Wir \u2013 das Trierer Jugendparlament \u2013 vertreten die Interessen der minderj\u00e4hrigen Einwohnerinnen und Einwohner der Stadt.<br>Wir k\u00f6nnen \u00fcber alle Themen beraten, die f\u00fcr Kinder und Jugendliche wichtig sind. Die Ergebnisse unserer Arbeit teilen wir dann der Politik und der \u00d6ffentlichkeit mit und treten so f\u00fcr eine kinder- und jugendfreundlichere Stadt ein. <\/p>\n\n\n\n<p>Auf dieser <a href=\"https:\/\/trierer-jugendparlament.de\/?p=3572\" data-type=\"link\" data-id=\"https:\/\/trierer-jugendparlament.de\/?p=3572\">Seite<\/a> kannst Du einen \u00dcberblick \u00fcber alle Mitglieder des Jugendparlaments bekommen.<\/p>\n\n\n\n<p>Der Vorstand wurde am 07.02.26 gew\u00e4hlt. In der Konstituierenden Sitzung im Februar wurden die Vorstandsmitglieder und Ausschussmitglieder offiziell ins Amt berufen.<\/p>\n\n\n\n<p>Die Mitglieder des Vorstands treffen sich alle zwei Wochen. Bei ihren Treffen bereiten sie Themen vor, mit denen sich das Jugendparlament auseinandersetzen soll. Dar\u00fcber hinaus vertritt der Vorstand das Jugendparlament in der \u00d6ffentlichkeit.<\/p>\n\n\n\n<p>Hier eine Auflistung des Vorstands:<\/p>\n\n\n<div class=\"wp-block-image\">\n<figure class=\"aligncenter size-full is-resized\"><img loading=\"lazy\" decoding=\"async\" width=\"600\" height=\"731\" src=\"https:\/\/trierer-jugendparlament.de\/wp-content\/uploads\/2019\/01\/Emily.jpg\" alt=\"\" class=\"wp-image-3520\" style=\"width:198px;height:auto\" srcset=\"https:\/\/trierer-jugendparlament.de\/wp-content\/uploads\/2019\/01\/Emily.jpg 600w, https:\/\/trierer-jugendparlament.de\/wp-content\/uploads\/2019\/01\/Emily-246x300.jpg 246w, https:\/\/trierer-jugendparlament.de\/wp-content\/uploads\/2019\/01\/Emily-123x150.jpg 123w\" sizes=\"auto, (max-width: 600px) 100vw, 600px\" \/><\/figure>\n<\/div>\n\n<div class=\"wp-block-image\">\n<figure class=\"aligncenter size-full is-resized\"><img loading=\"lazy\" decoding=\"async\" width=\"600\" height=\"810\" src=\"https:\/\/trierer-jugendparlament.de\/wp-content\/uploads\/2019\/01\/Sofiane.jpg\" alt=\"\" class=\"wp-image-3522\" style=\"aspect-ratio:0.7407407667018251;width:200px;height:auto\" srcset=\"https:\/\/trierer-jugendparlament.de\/wp-content\/uploads\/2019\/01\/Sofiane.jpg 600w, https:\/\/trierer-jugendparlament.de\/wp-content\/uploads\/2019\/01\/Sofiane-222x300.jpg 222w, https:\/\/trierer-jugendparlament.de\/wp-content\/uploads\/2019\/01\/Sofiane-111x150.jpg 111w\" sizes=\"auto, (max-width: 600px) 100vw, 600px\" \/><\/figure>\n<\/div>\n\n\n<div align=\"center\">\n<table style=\"width: 100%; height: 280px;\" border=\"0\" width=\"700\" cellpadding=\"2\">\n<tbody>\n<tr style=\"height: 28px;\">\n<th style=\"width: 48.6904%; height: 28px;\">&nbsp;Emily Klocke<\/th>\n<th style=\"width: 51.1905%; height: 28px;\">Sofiane-Omar Nebhi<\/th>\n<\/tr>\n<tr style=\"height: 28px;\">\n<td style=\"width: 48.6904%; height: 28px;\" align=\"center\" valign=\"top\">Vorsitzende<\/td>\n<td style=\"width: 51.1905%; height: 28px;\" align=\"center\" valign=\"top\">stellv. Vorsitzender<\/td>\n<\/tr>\n<tr style=\"height: 28px;\">\n<td style=\"width: 48.6904%; height: 28px;\" align=\"center\" valign=\"top\">&nbsp;<\/td>\n<td style=\"width: 51.1905%; height: 28px;\" align=\"center\" valign=\"top\">&nbsp;<\/td>\n<\/tr>\n<tr style=\"height: 28px;\">\n<td style=\"width: 48.6904%; height: 28px;\" align=\"center\" valign=\"top\">Irsch<\/td>\n<td style=\"width: 51.1905%; height: 28px;\" align=\"center\" valign=\"top\">Mariahof<\/td>\n<\/tr>\n<tr style=\"height: 28px;\">\n<td style=\"width: 48.6904%; height: 28px;\" align=\"center\" valign=\"top\">Humboldt-Gymnaium-Trier<\/td>\n<td style=\"width: 51.1905%; height: 28px;\" align=\"center\" valign=\"top\">Kurf\u00fcrst-Balduin Realschule plus<\/td>\n<\/tr>\n<tr style=\"height: 28px;\">\n<td style=\"width: 48.6904%; height: 27px;\" align=\"center\" valign=\"top\">&nbsp;<\/td>\n<td style=\"width: 51.1905%; height: 27px;\" align=\"center\" valign=\"top\">&nbsp;<\/td>\n<\/tr>\n<tr style=\"height: 85px;\">\n<td style=\"width: 48.6904%; height: 85px;\" align=\"center\">Ich stehe f\u00fcr mentale Gesundheit &#8211; weil sie uns alle betrifft!<\/td>\n<td style=\"width: 51.1905%; height: 85px;\" align=\"center\">\n<p style=\"text-align: center;\" align=\"left\">F\u00fcr kostenlose Ferienfreizeit, Digitalisierung an Schulen, frei zug\u00e4ngliche, jugendgerechte R\u00e4ume in Trier, zum Lernen, sich Austauschen und Entspannen k\u00f6nnen.<\/p>\n<\/td>\n<\/tr>\n<tr style=\"height: 28px;\">\n<td style=\"width: 48.6904%; height: 28px;\" align=\"center\" valign=\"top\">&nbsp;<\/td>\n<td style=\"width: 51.1905%; height: 28px;\" align=\"center\" valign=\"top\">&nbsp;<\/td>\n<\/tr>\n<\/tbody>\n<\/table>\n<\/div>\n\n\n\n<div class=\"wp-block-columns is-layout-flex wp-container-core-columns-is-layout-9d6595d7 wp-block-columns-is-layout-flex\">\n<div class=\"wp-block-column is-layout-flow wp-block-column-is-layout-flow\"><\/div>\n\n\n\n<div class=\"wp-block-column is-layout-flow wp-block-column-is-layout-flow\"><\/div>\n\n\n\n<div class=\"wp-block-column is-layout-flow wp-block-column-is-layout-flow\"><\/div>\n<\/div>\n\n\n<div class=\"wp-block-image\">\n<figure class=\"aligncenter size-full is-resized\"><img loading=\"lazy\" decoding=\"async\" width=\"500\" height=\"759\" src=\"https:\/\/trierer-jugendparlament.de\/wp-content\/uploads\/2019\/01\/Johnny.jpg\" alt=\"\" class=\"wp-image-3523\" style=\"width:197px;height:auto\" srcset=\"https:\/\/trierer-jugendparlament.de\/wp-content\/uploads\/2019\/01\/Johnny.jpg 500w, https:\/\/trierer-jugendparlament.de\/wp-content\/uploads\/2019\/01\/Johnny-198x300.jpg 198w, https:\/\/trierer-jugendparlament.de\/wp-content\/uploads\/2019\/01\/Johnny-99x150.jpg 99w\" sizes=\"auto, (max-width: 500px) 100vw, 500px\" \/><\/figure>\n<\/div>\n\n<div class=\"wp-block-image\">\n<figure class=\"aligncenter size-full is-resized\"><img loading=\"lazy\" decoding=\"async\" width=\"500\" height=\"771\" src=\"https:\/\/trierer-jugendparlament.de\/wp-content\/uploads\/2019\/01\/Karim.jpg\" alt=\"\" class=\"wp-image-3524\" style=\"width:197px;height:auto\" srcset=\"https:\/\/trierer-jugendparlament.de\/wp-content\/uploads\/2019\/01\/Karim.jpg 500w, https:\/\/trierer-jugendparlament.de\/wp-content\/uploads\/2019\/01\/Karim-195x300.jpg 195w, https:\/\/trierer-jugendparlament.de\/wp-content\/uploads\/2019\/01\/Karim-97x150.jpg 97w\" sizes=\"auto, (max-width: 500px) 100vw, 500px\" \/><\/figure>\n<\/div>\n\n\n<div align=\"center\">\n<table style=\"width: 100%; height: 224px;\" border=\"0\" cellpadding=\"2\">\n<tbody>\n<tr style=\"height: 28px;\">\n<th style=\"height: 28px; width: 49.1667%;\">Johnny Kl\u00e4ren<\/th>\n<th style=\"height: 28px; width: 50.7143%;\">Karim Duwedari<\/th>\n<\/tr>\n<tr style=\"height: 28px;\">\n<td style=\"height: 28px; width: 49.1667%;\" align=\"center\" valign=\"top\">&nbsp;Vorstandsmitglied<\/td>\n<td style=\"height: 28px; width: 50.7143%;\" align=\"center\" valign=\"top\">Vorstandsmitglied<\/td>\n<\/tr>\n<tr style=\"height: 28px;\">\n<td style=\"height: 28px; width: 49.1667%;\" align=\"center\" valign=\"top\">&nbsp;<\/td>\n<td style=\"height: 28px; width: 50.7143%;\" align=\"center\" valign=\"top\">&nbsp;<\/td>\n<\/tr>\n<tr style=\"height: 28px;\">\n<td style=\"height: 28px; width: 49.1667%;\" align=\"center\" valign=\"top\">Heiligkreuz<\/td>\n<td style=\"height: 28px; width: 50.7143%;\" align=\"center\" valign=\"top\">Trier-Mitte\/ Gartenfeld&nbsp;<\/td>\n<\/tr>\n<tr style=\"height: 28px;\">\n<td style=\"height: 28px; width: 49.1667%;\" align=\"center\" valign=\"top\">Humboldt-Gymnasium-Trier<\/td>\n<td style=\"height: 28px; width: 50.7143%;\" align=\"center\" valign=\"top\">Auguste-Viktoria-Gymnasium<\/td>\n<\/tr>\n<tr style=\"height: 28px;\">\n<td style=\"height: 28px; width: 49.1667%;\" align=\"center\">&nbsp;<\/td>\n<td style=\"height: 28px; width: 50.7143%;\" align=\"center\">&nbsp;<\/td>\n<\/tr>\n<tr style=\"height: 56px;\">\n<td style=\"height: 56px; width: 49.1667%;\" align=\"center\" valign=\"top\">\n<p style=\"text-align: center;\" align=\"left\">Ich finde es sollte mehr Spielger\u00e4te auf dem Schulhof, saubere Toiletten und sichere Schulwege geben. Au\u00dferdem mehr Sauberkeit in der Stadt.<\/p>\n<\/td>\n<td style=\"height: 56px; width: 50.7143%;\" align=\"center\" valign=\"top\">F\u00fcr Toleranz und Gleichberechtigung, f\u00fcr Austausch zwischen Israelis und Pal\u00e4stinensern. Eure Stimme gegen jugendfremde Politik!<\/td>\n<\/tr>\n<\/tbody>\n<\/table>\n<\/div>\n\n\n<div class=\"wp-block-image\">\n<figure class=\"aligncenter size-full is-resized\"><img loading=\"lazy\" decoding=\"async\" width=\"500\" height=\"667\" src=\"https:\/\/trierer-jugendparlament.de\/wp-content\/uploads\/2019\/01\/Malia500.jpeg\" alt=\"\" class=\"wp-image-3544\" style=\"aspect-ratio:0.7496353691034945;width:208px;height:auto\" srcset=\"https:\/\/trierer-jugendparlament.de\/wp-content\/uploads\/2019\/01\/Malia500.jpeg 500w, https:\/\/trierer-jugendparlament.de\/wp-content\/uploads\/2019\/01\/Malia500-225x300.jpeg 225w, https:\/\/trierer-jugendparlament.de\/wp-content\/uploads\/2019\/01\/Malia500-112x150.jpeg 112w\" sizes=\"auto, (max-width: 500px) 100vw, 500px\" \/><\/figure>\n<\/div>\n\n\n<div align=\"center\">\n<table style=\"width: 100%; height: 268px;\" border=\"0\" width=\"700\" cellpadding=\"2\">\n<tbody>\n<tr style=\"height: 28px;\">\n<th style=\"height: 28px; width: 100%;\">Malia Weyand<\/th>\n<\/tr>\n<tr style=\"height: 28px;\">\n<td style=\"height: 28px; width: 100%;\" align=\"center\" valign=\"top\">&nbsp;Vorstandsmitglied<\/td>\n<\/tr>\n<tr style=\"height: 28px;\">\n<td style=\"height: 28px; width: 100%;\" align=\"center\" valign=\"top\">&nbsp;<\/td>\n<\/tr>\n<tr style=\"height: 28px;\">\n<td style=\"height: 33px; width: 100%;\" align=\"center\" valign=\"top\">&nbsp;Matthias<\/td>\n<\/tr>\n<tr style=\"height: 28px;\">\n<td style=\"height: 28px; width: 100%;\" align=\"center\" valign=\"top\">Blandine-Merten-Realschule<\/td>\n<\/tr>\n<tr style=\"height: 28px;\">\n<td style=\"height: 10px; width: 100%;\" align=\"center\">&nbsp;<\/td>\n<\/tr>\n<tr style=\"height: 56px;\">\n<td style=\"height: 113px; width: 100%;\" align=\"center\" valign=\"top\">Trier, h\u00f6r uns zu bei Themen wie Schule, Sicherheit, Nachhaltigkeit! Daf\u00fcr setze ich mich ein.<\/td>\n<\/tr>\n<\/tbody>\n<\/table>\n<\/div>\n\n\n\n<p>Das Jugendparlament hat jeweils einen Sitz als beratendes Mitglied im Jugendhilfe- und im Schultr\u00e4gerausschuss (JHA und STA). Das bedeutet, Mitglieder des Jugendparlaments d\u00fcrfen bei den Sitzungen dabei sein und die Interessen der Kinder und Jugendlichen in diesen Gremien vertreten.<\/p>\n\n\n\n<p><br><strong>Jugendhilfeausschuss<\/strong><\/p>\n\n\n<div class=\"wp-block-image\">\n<figure class=\"aligncenter size-full is-resized\"><img loading=\"lazy\" decoding=\"async\" width=\"700\" height=\"1112\" src=\"https:\/\/trierer-jugendparlament.de\/wp-content\/uploads\/2024\/02\/Platzhalter.jpg\" alt=\"\" class=\"wp-image-3181\" style=\"width:199px;height:auto\" srcset=\"https:\/\/trierer-jugendparlament.de\/wp-content\/uploads\/2024\/02\/Platzhalter.jpg 700w, https:\/\/trierer-jugendparlament.de\/wp-content\/uploads\/2024\/02\/Platzhalter-189x300.jpg 189w, https:\/\/trierer-jugendparlament.de\/wp-content\/uploads\/2024\/02\/Platzhalter-645x1024.jpg 645w, https:\/\/trierer-jugendparlament.de\/wp-content\/uploads\/2024\/02\/Platzhalter-94x150.jpg 94w\" sizes=\"auto, (max-width: 700px) 100vw, 700px\" \/><\/figure>\n<\/div>\n\n<div class=\"wp-block-image\">\n<figure class=\"aligncenter size-full is-resized\"><img loading=\"lazy\" decoding=\"async\" width=\"700\" height=\"1112\" src=\"https:\/\/trierer-jugendparlament.de\/wp-content\/uploads\/2024\/02\/Platzhalter.jpg\" alt=\"\" class=\"wp-image-3181\" style=\"width:200px;height:auto\" srcset=\"https:\/\/trierer-jugendparlament.de\/wp-content\/uploads\/2024\/02\/Platzhalter.jpg 700w, https:\/\/trierer-jugendparlament.de\/wp-content\/uploads\/2024\/02\/Platzhalter-189x300.jpg 189w, https:\/\/trierer-jugendparlament.de\/wp-content\/uploads\/2024\/02\/Platzhalter-645x1024.jpg 645w, https:\/\/trierer-jugendparlament.de\/wp-content\/uploads\/2024\/02\/Platzhalter-94x150.jpg 94w\" sizes=\"auto, (max-width: 700px) 100vw, 700px\" \/><\/figure>\n<\/div>\n\n\n<div align=\"center\">\n<table style=\"width: 100%; height: 207px;\" border=\"0\" width=\"700\" cellpadding=\"2\">\n<tbody>\n<tr style=\"height: 28px;\">\n<th style=\"height: 28px; width: 49.0477%;\">Ausstehend<\/th>\n<th style=\"height: 28px; width: 50.8333%;\">Ausstehend<\/th>\n<\/tr>\n<tr style=\"height: 28px;\">\n<td style=\"height: 28px; width: 49.0477%;\" align=\"center\" valign=\"top\">Beratendes Mitglied im JHA<\/td>\n<td style=\"height: 28px; width: 50.8333%;\" align=\"center\" valign=\"top\">&nbsp;stv. beratendes Mitglied im JHA<\/td>\n<\/tr>\n<tr style=\"height: 28px;\">\n<td style=\"height: 13px; width: 49.0477%;\" align=\"center\" valign=\"top\">&nbsp;<\/td>\n<td style=\"height: 13px; width: 50.8333%;\" align=\"center\" valign=\"top\">&nbsp;<\/td>\n<\/tr>\n<tr style=\"height: 28px;\">\n<td style=\"height: 28px; width: 49.0477%;\" align=\"center\" valign=\"top\">Stadtteil<\/td>\n<td style=\"height: 28px; width: 50.8333%;\" align=\"center\" valign=\"top\">Stadtteil<\/td>\n<\/tr>\n<tr style=\"height: 26px;\">\n<td style=\"height: 26px; width: 49.0477%;\" align=\"center\" valign=\"top\">Schule<\/td>\n<td style=\"height: 26px; width: 50.8333%;\" align=\"center\" valign=\"top\">Schule<\/td>\n<\/tr>\n<tr style=\"height: 28px;\">\n<td style=\"height: 28px; width: 49.0477%;\" align=\"center\">&nbsp;<\/td>\n<td style=\"height: 28px; width: 50.8333%;\" align=\"center\">&nbsp;<\/td>\n<\/tr>\n<tr style=\"height: 56px;\">\n<td style=\"height: 56px; width: 49.0477%;\" align=\"center\" valign=\"top\">\n<p style=\"text-align: center;\" align=\"left\">Slogan<\/p>\n<\/td>\n<td style=\"height: 56px; width: 50.8333%;\" align=\"center\" valign=\"top\">Slogan<\/td>\n<\/tr>\n<\/tbody>\n<\/table>\n<\/div>\n\n\n\n<p><br><strong>Schultr\u00e4gerausschuss<\/strong><\/p>\n\n\n\n<div class=\"wp-block-columns is-layout-flex wp-container-core-columns-is-layout-9d6595d7 wp-block-columns-is-layout-flex\">\n<div class=\"wp-block-column is-layout-flow wp-block-column-is-layout-flow\"><\/div>\n\n\n\n<div class=\"wp-block-column is-layout-flow wp-block-column-is-layout-flow\">\n<figure class=\"wp-block-image size-large is-resized\"><img loading=\"lazy\" decoding=\"async\" width=\"645\" height=\"1024\" src=\"https:\/\/trierer-jugendparlament.de\/wp-content\/uploads\/2024\/02\/Platzhalter-645x1024.jpg\" alt=\"\" class=\"wp-image-3181\" style=\"aspect-ratio:0.6298701207017309;width:198px;height:auto\" srcset=\"https:\/\/trierer-jugendparlament.de\/wp-content\/uploads\/2024\/02\/Platzhalter-645x1024.jpg 645w, https:\/\/trierer-jugendparlament.de\/wp-content\/uploads\/2024\/02\/Platzhalter-189x300.jpg 189w, https:\/\/trierer-jugendparlament.de\/wp-content\/uploads\/2024\/02\/Platzhalter-94x150.jpg 94w, https:\/\/trierer-jugendparlament.de\/wp-content\/uploads\/2024\/02\/Platzhalter.jpg 700w\" sizes=\"auto, (max-width: 645px) 100vw, 645px\" \/><\/figure>\n<\/div>\n\n\n\n<div class=\"wp-block-column is-layout-flow wp-block-column-is-layout-flow\"><\/div>\n<\/div>\n\n\n\n<div class=\"wp-block-columns is-layout-flex wp-container-core-columns-is-layout-9d6595d7 wp-block-columns-is-layout-flex\">\n<div class=\"wp-block-column is-layout-flow wp-block-column-is-layout-flow\"><\/div>\n\n\n\n<div class=\"wp-block-column is-layout-flow wp-block-column-is-layout-flow\">\n<figure class=\"wp-block-image size-large is-resized\"><img loading=\"lazy\" decoding=\"async\" width=\"645\" height=\"1024\" src=\"https:\/\/trierer-jugendparlament.de\/wp-content\/uploads\/2024\/02\/Platzhalter-645x1024.jpg\" alt=\"\" class=\"wp-image-3181\" style=\"aspect-ratio:0.6298701207017309;width:203px;height:auto\" srcset=\"https:\/\/trierer-jugendparlament.de\/wp-content\/uploads\/2024\/02\/Platzhalter-645x1024.jpg 645w, https:\/\/trierer-jugendparlament.de\/wp-content\/uploads\/2024\/02\/Platzhalter-189x300.jpg 189w, https:\/\/trierer-jugendparlament.de\/wp-content\/uploads\/2024\/02\/Platzhalter-94x150.jpg 94w, https:\/\/trierer-jugendparlament.de\/wp-content\/uploads\/2024\/02\/Platzhalter.jpg 700w\" sizes=\"auto, (max-width: 645px) 100vw, 645px\" \/><\/figure>\n<\/div>\n\n\n\n<div class=\"wp-block-column is-layout-flow wp-block-column-is-layout-flow\"><\/div>\n<\/div>\n\n\n\n<div align=\"center\">\n<table style=\"width: 59.4048%; height: 191px;\" border=\"0\" cellpadding=\"2\">\n<tbody>\n<tr style=\"height: 28px;\">\n<th style=\"height: 28px; width: 50.3571%;\">Ausstehend<\/th>\n<th style=\"height: 28px; width: 48.2143%;\">Ausstehend<\/th>\n<\/tr>\n<tr style=\"height: 28px;\">\n<td style=\"height: 28px; width: 50.3571%;\" align=\"center\" valign=\"top\">&nbsp;&nbsp;Beratendes Mitglied im ScA<\/td>\n<td style=\"height: 28px; width: 48.2143%;\" align=\"center\" valign=\"top\">&nbsp;stv. beratendes Mitglied im ScA<\/td>\n<\/tr>\n<tr style=\"height: 28px;\">\n<td style=\"height: 23px; width: 50.3571%;\" align=\"center\" valign=\"top\">&nbsp;<\/td>\n<td style=\"height: 23px; width: 48.2143%;\" align=\"center\" valign=\"top\">&nbsp;<\/td>\n<\/tr>\n<tr style=\"height: 28px;\">\n<td style=\"height: 28px; width: 50.3571%;\" align=\"center\" valign=\"top\">Stadtteil<\/td>\n<td style=\"height: 28px; width: 48.2143%;\" align=\"center\" valign=\"top\">Stadtteil<\/td>\n<td style=\"height: 28px; width: 1.19048%;\" align=\"center\" valign=\"top\">&nbsp;<\/td>\n<\/tr>\n<tr style=\"height: 28px;\">\n<td style=\"height: 28px; width: 50.3571%;\" align=\"center\" valign=\"top\">Schule<\/td>\n<td style=\"height: 28px; width: 48.2143%;\" align=\"center\" valign=\"top\">Schule<\/td>\n<td style=\"height: 28px; width: 1.19048%;\" align=\"center\" valign=\"top\">&nbsp;<\/td>\n<\/tr>\n<tr style=\"height: 28px;\">\n<td style=\"height: 28px; width: 50.3571%;\" align=\"center\">&nbsp;<\/td>\n<td style=\"height: 28px; width: 48.2143%;\" align=\"center\">&nbsp;<\/td>\n<\/tr>\n<tr style=\"height: 28px;\">\n<td style=\"height: 28px; width: 50.3571%;\" align=\"center\" valign=\"top\">Slogan<\/td>\n<td style=\"height: 28px; width: 48.2143%;\" align=\"center\" valign=\"top\">Slogan<\/td>\n<\/tr>\n<\/tbody>\n<\/table>\n<\/div>\n\n\n\n<div align=\"center\">\n<p>&nbsp;<\/p>\n<\/div>\n\n\n\n\n\n\n\n\n\n\n","protected":false},"excerpt":{"rendered":"<p>Wir \u2013 das Trierer Jugendparlament \u2013 vertreten die Interessen der minderj\u00e4hrigen Einwohnerinnen und Einwohner der Stadt.Wir k\u00f6nnen \u00fcber alle Themen beraten, die f\u00fcr Kinder und Jugendliche wichtig sind. Die Ergebnisse unserer Arbeit teilen wir dann der Politik und der \u00d6ffentlichkeit mit und treten so f\u00fcr eine kinder- und jugendfreundlichere Stadt ein. Auf dieser Seite kannst [&hellip;]<\/p>\n","protected":false},"author":1,"featured_media":0,"comment_status":"closed","ping_status":"closed","sticky":false,"template":"","format":"standard","meta":{"footnotes":""},"categories":[1],"tags":[],"class_list":{"0":"post-3042","1":"post","2":"type-post","3":"status-publish","4":"format-standard","6":"category-uncategorized","7":"czr-hentry"},"_links":{"self":[{"href":"https:\/\/trierer-jugendparlament.de\/index.php?rest_route=\/wp\/v2\/posts\/3042","targetHints":{"allow":["GET"]}}],"collection":[{"href":"https:\/\/trierer-jugendparlament.de\/index.php?rest_route=\/wp\/v2\/posts"}],"about":[{"href":"https:\/\/trierer-jugendparlament.de\/index.php?rest_route=\/wp\/v2\/types\/post"}],"author":[{"embeddable":true,"href":"https:\/\/trierer-jugendparlament.de\/index.php?rest_route=\/wp\/v2\/users\/1"}],"replies":[{"embeddable":true,"href":"https:\/\/trierer-jugendparlament.de\/index.php?rest_route=%2Fwp%2Fv2%2Fcomments&post=3042"}],"version-history":[{"count":50,"href":"https:\/\/trierer-jugendparlament.de\/index.php?rest_route=\/wp\/v2\/posts\/3042\/revisions"}],"predecessor-version":[{"id":3617,"href":"https:\/\/trierer-jugendparlament.de\/index.php?rest_route=\/wp\/v2\/posts\/3042\/revisions\/3617"}],"wp:attachment":[{"href":"https:\/\/trierer-jugendparlament.de\/index.php?rest_route=%2Fwp%2Fv2%2Fmedia&parent=3042"}],"wp:term":[{"taxonomy":"category","embeddable":true,"href":"https:\/\/trierer-jugendparlament.de\/index.php?rest_route=%2Fwp%2Fv2%2Fcategories&post=3042"},{"taxonomy":"post_tag","embeddable":true,"href":"https:\/\/trierer-jugendparlament.de\/index.php?rest_route=%2Fwp%2Fv2%2Ftags&post=3042"}],"curies":[{"name":"wp","href":"https:\/\/api.w.org\/{rel}","templated":true}]}}