{"id":3491,"date":"2025-11-19T15:13:23","date_gmt":"2025-11-19T14:13:23","guid":{"rendered":"https:\/\/trierer-jugendparlament.de\/?p=3491"},"modified":"2026-02-18T15:39:03","modified_gmt":"2026-02-18T14:39:03","slug":"vorstellung-der-kandidierenden","status":"publish","type":"post","link":"https:\/\/trierer-jugendparlament.de\/?p=3491","title":{"rendered":"Vorstellung der Kandidierenden"},"content":{"rendered":"\n<p>Das JuPa 2026\/27 ist in zwei Altersgruppen eingeteilt und die W\u00e4hler*innen k\u00f6nnen nur in der Altersgruppe w\u00e4hlen, der die selbst entsprechen. <\/p>\n\n\n\n<p>Altersgruppe 1 = 10-13 Jahre<\/p>\n\n\n\n<p>Altersgruppe 2 = 14-17 Jahre<\/p>\n\n\n\n<p>Bist du also 10, 12 oder 13 Jahre alt kannst du in Altersgruppe 1 w\u00e4hlen. Hier siehst du die Kandidierenden:<\/p>\n\n\n\n<p><\/p>\n\n\n\n<div data-wp-interactive=\"core\/file\" class=\"wp-block-file\"><object data-wp-bind--hidden=\"!state.hasPdfPreview\" hidden class=\"wp-block-file__embed\" data=\"https:\/\/trierer-jugendparlament.de\/wp-content\/uploads\/2025\/11\/FlyerAG1.pdf\" type=\"application\/pdf\" style=\"width:100%;height:1110px\" aria-label=\"PDF-Einbettung\"><\/object><a href=\"https:\/\/trierer-jugendparlament.de\/wp-content\/uploads\/2025\/11\/FlyerAG1.pdf\" class=\"wp-block-file__button wp-element-button\" download>Herunterladen<\/a><\/div>\n\n\n\n<p>Bist du also 14, 15, 16 oder 17 Jahre alt kannst du in Altersgruppe 2 w\u00e4hlen. Hier siehst du die Kandidierenden:<\/p>\n\n\n\n<div data-wp-interactive=\"core\/file\" class=\"wp-block-file\"><object data-wp-bind--hidden=\"!state.hasPdfPreview\" hidden class=\"wp-block-file__embed\" data=\"https:\/\/trierer-jugendparlament.de\/wp-content\/uploads\/2025\/11\/FlyerAG2.pdf\" type=\"application\/pdf\" style=\"width:100%;height:850px\" aria-label=\"PDF-Einbettung\"><\/object><a href=\"https:\/\/trierer-jugendparlament.de\/wp-content\/uploads\/2025\/11\/FlyerAG2.pdf\" class=\"wp-block-file__button wp-element-button\" download>Herunterladen<\/a><\/div>\n\n\n\n<p><\/p>\n","protected":false},"excerpt":{"rendered":"<p>Das JuPa 2026\/27 ist in zwei Altersgruppen eingeteilt und die W\u00e4hler*innen k\u00f6nnen nur in der Altersgruppe w\u00e4hlen, der die selbst entsprechen. Altersgruppe 1 = 10-13 Jahre Altersgruppe 2 = 14-17 Jahre Bist du also 10, 12 oder 13 Jahre alt kannst du in Altersgruppe 1 w\u00e4hlen. Hier siehst du die Kandidierenden: Bist du also 14, [&hellip;]<\/p>\n","protected":false},"author":4,"featured_media":3494,"comment_status":"closed","ping_status":"closed","sticky":false,"template":"","format":"standard","meta":{"footnotes":""},"categories":[79,1],"tags":[],"class_list":{"0":"post-3491","1":"post","2":"type-post","3":"status-publish","4":"format-standard","5":"has-post-thumbnail","7":"category-neuigkeiten","8":"category-uncategorized","9":"czr-hentry"},"_links":{"self":[{"href":"https:\/\/trierer-jugendparlament.de\/index.php?rest_route=\/wp\/v2\/posts\/3491","targetHints":{"allow":["GET"]}}],"collection":[{"href":"https:\/\/trierer-jugendparlament.de\/index.php?rest_route=\/wp\/v2\/posts"}],"about":[{"href":"https:\/\/trierer-jugendparlament.de\/index.php?rest_route=\/wp\/v2\/types\/post"}],"author":[{"embeddable":true,"href":"https:\/\/trierer-jugendparlament.de\/index.php?rest_route=\/wp\/v2\/users\/4"}],"replies":[{"embeddable":true,"href":"https:\/\/trierer-jugendparlament.de\/index.php?rest_route=%2Fwp%2Fv2%2Fcomments&post=3491"}],"version-history":[{"count":3,"href":"https:\/\/trierer-jugendparlament.de\/index.php?rest_route=\/wp\/v2\/posts\/3491\/revisions"}],"predecessor-version":[{"id":3542,"href":"https:\/\/trierer-jugendparlament.de\/index.php?rest_route=\/wp\/v2\/posts\/3491\/revisions\/3542"}],"wp:featuredmedia":[{"embeddable":true,"href":"https:\/\/trierer-jugendparlament.de\/index.php?rest_route=\/wp\/v2\/media\/3494"}],"wp:attachment":[{"href":"https:\/\/trierer-jugendparlament.de\/index.php?rest_route=%2Fwp%2Fv2%2Fmedia&parent=3491"}],"wp:term":[{"taxonomy":"category","embeddable":true,"href":"https:\/\/trierer-jugendparlament.de\/index.php?rest_route=%2Fwp%2Fv2%2Fcategories&post=3491"},{"taxonomy":"post_tag","embeddable":true,"href":"https:\/\/trierer-jugendparlament.de\/index.php?rest_route=%2Fwp%2Fv2%2Ftags&post=3491"}],"curies":[{"name":"wp","href":"https:\/\/api.w.org\/{rel}","templated":true}]}}