{"id":3509,"date":"2026-01-21T15:56:38","date_gmt":"2026-01-21T14:56:38","guid":{"rendered":"https:\/\/trierer-jugendparlament.de\/?p=3509"},"modified":"2026-02-18T15:38:16","modified_gmt":"2026-02-18T14:38:16","slug":"das-jupa-lernt-sich-kennen","status":"publish","type":"post","link":"https:\/\/trierer-jugendparlament.de\/?p=3509","title":{"rendered":"Das neue JuPa lernt sich kennen"},"content":{"rendered":"\n\n\n<p>Im Januar traf sich das frisch gew\u00e4hlte JuPa zum ersten Mal zusammen in der Gesch\u00e4ftsstelle. Die Jugendlichen wurden erst einmal dar\u00fcber informiert, wie das Jugendparlament aufgebaut ist. Sprich dass es einen f\u00fcnf-k\u00f6pfigen Vorstand gibt, mit einem Vorsitzenden. Damit die Jugendlichen ihren Vorstand gut \u00fcberlegt w\u00e4hlen k\u00f6nnen m\u00fcssen sie sich erst gegenseitig kennenlernen. Daher wurden zun\u00e4chst ein paar lustige Kennenlernspiele gespielt.<\/p>\n<p>Das JuPa befasste sich mit den Inhalten aus den Kandidierendenflyern. Die Inhalte wurden zu Oberthemen sortiert und dar\u00fcber diskutiert, welche Punkte f\u00fcr die Anwesenden Priorit\u00e4t haben. Die Waffeln in der Mittagspause sorgten wieder f\u00fcr einen freien Kopf.\u00a0<\/p>\n<p>Im Anschluss schauten die Jugendlichen bei den Jugendorten in der Trier Galerie vorbei. Hier wurde der Tag bei Kicker, Hitster und Videospielen gemeinsam ausgeklungen.\u00a0<\/p>\n<p><img loading=\"lazy\" decoding=\"async\" class=\"aligncenter  wp-image-3510\" src=\"https:\/\/trierer-jugendparlament.de\/wp-content\/uploads\/2026\/01\/Kennenlerntag-300x214.jpg\" alt=\"\" width=\"375\" height=\"267\" srcset=\"https:\/\/trierer-jugendparlament.de\/wp-content\/uploads\/2026\/01\/Kennenlerntag-300x214.jpg 300w, https:\/\/trierer-jugendparlament.de\/wp-content\/uploads\/2026\/01\/Kennenlerntag-150x107.jpg 150w, https:\/\/trierer-jugendparlament.de\/wp-content\/uploads\/2026\/01\/Kennenlerntag.jpg 600w\" sizes=\"auto, (max-width: 375px) 100vw, 375px\" \/><\/p>\n","protected":false},"excerpt":{"rendered":"<p>Im Januar traf sich das frisch gew\u00e4hlte JuPa zum ersten Mal zusammen in der Gesch\u00e4ftsstelle. Die Jugendlichen wurden erst einmal dar\u00fcber informiert, wie das Jugendparlament aufgebaut ist. Sprich dass es einen f\u00fcnf-k\u00f6pfigen Vorstand gibt, mit einem Vorsitzenden. Damit die Jugendlichen ihren Vorstand gut \u00fcberlegt w\u00e4hlen k\u00f6nnen m\u00fcssen sie sich erst gegenseitig kennenlernen. Daher wurden zun\u00e4chst [&hellip;]<\/p>\n","protected":false},"author":4,"featured_media":0,"comment_status":"closed","ping_status":"closed","sticky":false,"template":"","format":"standard","meta":{"footnotes":""},"categories":[79,1],"tags":[],"class_list":{"0":"post-3509","1":"post","2":"type-post","3":"status-publish","4":"format-standard","6":"category-neuigkeiten","7":"category-uncategorized","8":"czr-hentry"},"_links":{"self":[{"href":"https:\/\/trierer-jugendparlament.de\/index.php?rest_route=\/wp\/v2\/posts\/3509","targetHints":{"allow":["GET"]}}],"collection":[{"href":"https:\/\/trierer-jugendparlament.de\/index.php?rest_route=\/wp\/v2\/posts"}],"about":[{"href":"https:\/\/trierer-jugendparlament.de\/index.php?rest_route=\/wp\/v2\/types\/post"}],"author":[{"embeddable":true,"href":"https:\/\/trierer-jugendparlament.de\/index.php?rest_route=\/wp\/v2\/users\/4"}],"replies":[{"embeddable":true,"href":"https:\/\/trierer-jugendparlament.de\/index.php?rest_route=%2Fwp%2Fv2%2Fcomments&post=3509"}],"version-history":[{"count":2,"href":"https:\/\/trierer-jugendparlament.de\/index.php?rest_route=\/wp\/v2\/posts\/3509\/revisions"}],"predecessor-version":[{"id":3512,"href":"https:\/\/trierer-jugendparlament.de\/index.php?rest_route=\/wp\/v2\/posts\/3509\/revisions\/3512"}],"wp:attachment":[{"href":"https:\/\/trierer-jugendparlament.de\/index.php?rest_route=%2Fwp%2Fv2%2Fmedia&parent=3509"}],"wp:term":[{"taxonomy":"category","embeddable":true,"href":"https:\/\/trierer-jugendparlament.de\/index.php?rest_route=%2Fwp%2Fv2%2Fcategories&post=3509"},{"taxonomy":"post_tag","embeddable":true,"href":"https:\/\/trierer-jugendparlament.de\/index.php?rest_route=%2Fwp%2Fv2%2Ftags&post=3509"}],"curies":[{"name":"wp","href":"https:\/\/api.w.org\/{rel}","templated":true}]}}