{"id":59,"date":"2013-11-13T14:53:15","date_gmt":"2013-11-13T14:53:15","guid":{"rendered":"http:\/\/neu.trierer-jugendparlament.de\/?page_id=59"},"modified":"2024-01-19T11:10:18","modified_gmt":"2024-01-19T10:10:18","slug":"rechtliche-grundlagen","status":"publish","type":"post","link":"https:\/\/trierer-jugendparlament.de\/?p=59","title":{"rendered":"Rechtliche Grundlagen"},"content":{"rendered":"<p style=\"text-align: justify;\">Die rechtlichen Grundlagen f\u00fcr die Einrichtung der Trierer Jugendvertretung reichen von der Weltpolitik \u00fcber die Bundes- und Landespolitik bis zur Lokalpolitik:<\/p>\n<p style=\"text-align: justify;\"><strong>Kinderrechtskonvention der Vereinten Nationen<\/strong><\/p>\n<p style=\"text-align: justify;\">Artikel 12: Ber\u00fccksichtigung des Kindeswillens<\/p>\n<p style=\"text-align: justify;\">(1) Die Vertragsstaaten sichern dem Kind, das f\u00e4hig ist, sich eine eigene Meinung zu bilden, das Recht zu, diese Meinung in allen das Kind ber\u00fchrenden Angelegenheiten frei zu \u00e4u\u00dfern und ber\u00fccksichtigen die Meinung des Kindes angemessen und entsprechend seinem Alter und seiner Reife.<\/p>\n<p><strong>Kinder- und Jugendhilfegesetz<\/strong> (KJHG, auch bekannt als Sozialgesetzbuch &#8211; SGB &#8211; VIII)<\/p>\n<p style=\"text-align: justify;\">\u00a7 1 Recht auf Erziehung, Elternverantwortung, Jugendhilfe<\/p>\n<p style=\"text-align: justify;\">(1) Jeder junge Mensch hat ein Recht auf F\u00f6rderung seiner Entwicklung und auf Erziehung zu einer eigenverantwortlichen und gemeinschaftsf\u00e4higen Pers\u00f6nlichkeit.<\/p>\n<p style=\"text-align: justify;\">(3) Jugendhilfe soll [&#8230;] dazu beitragen, positive Lebensbedingungen f\u00fcr junge Menschen und ihre Familien sowie eine kinder- und familienfreundliche Umwelt zu erhalten oder zu schaffen.<\/p>\n<p style=\"text-align: justify;\">\u00a7 11 Jugendarbeit<\/p>\n<p style=\"text-align: justify;\">(1) Jungen Menschen sind die zur F\u00f6rderung ihrer Entwicklung erforderlichen Angebote der Jugendarbeit zur Verf\u00fcgung zu stellen. Sie sollen an den Interessen junger Menschen ankn\u00fcpfen und von ihnen mitbestimmt und mitgestaltet werden, sie zur Selbstbestimmung bef\u00e4higen und zu gesellschaftlicher Mitverantwortung und zu sozialem Engagement anregen und hinf\u00fchren.<\/p>\n<p style=\"text-align: justify;\"><strong>Landesgesetz zur Ausf\u00fchrung des KJHG<\/strong> (AGKJHG)<\/p>\n<p style=\"text-align: justify;\">\u00a7 1 Aufgaben der Jugendhilfe<\/p>\n<p style=\"text-align: justify;\">(3) Junge Menschen haben das Recht, sich in Angelegenheiten, die ihre Lebensbedingungen betreffen, an den zust\u00e4ndigen Jugendhilfeausschuss [&#8230;] zu wenden.<\/p>\n<p style=\"text-align: justify;\"><strong>Jugendf\u00f6rderungsgesetz<\/strong> (JuF\u00d6G)<\/p>\n<p style=\"text-align: justify;\">\u00a7 2 Jugendarbeit<\/p>\n<p style=\"text-align: justify;\">Die Jugendarbeit [&#8230;] f\u00f6rdert die aktive Mitwirkung junger Menschen an der Gestaltung ihrer Lebensumwelt.<\/p>\n<p style=\"text-align: justify;\"><strong>Gemeindeordnung<\/strong> (GemO)<\/p>\n<p style=\"text-align: justify;\">\u00a7 16c Beteiligung von Kindern und Jugendlichen<\/p>\n<p style=\"text-align: justify;\">Die Gemeinde soll Kinder und muss Jugendliche bei Planungen und Vorhaben, die deren Interessen ber\u00fchren, in angemessener Weise beteiligen. Hierzu soll die Gemeinde \u00fcber die in diesem Gesetz vorgesehene Beteiligung der Einwohner hinaus geeignete Verfahren entwickeln und durchf\u00fchren.<\/p>\n<p style=\"text-align: justify;\">\u00a756b Jugendvertretung<\/p>\n<p style=\"text-align: justify;\">(1) In einer Gemeinde kann aufgrund einer Satzung eine Jugendvertretung eingerichtet werden.<\/p>\n<p style=\"text-align: justify;\">(2) F\u00fcr die Jugendvertretung gilt \u00a7 56 a Abs. 1 Satz 2 und 3 und Abs. 2 und 3 entsprechend.<\/p>\n<p style=\"text-align: justify;\">Im \u00a7 56a hei\u00dft es (u.a.):<\/p>\n<p style=\"text-align: justify;\">(2) Die Jugendvertretung kann \u00fcber alle Angelegenheiten beraten, die die Belange der von ihr vertretenen gesellschaftlichen Gruppe ber\u00fchren. Gegen\u00fcber den Organen der Gemeinde kann sie sich hierzu \u00e4u\u00dfern, soweit Selbstverwaltungsangelegenheiten der Gemeinde betroffen sind.<\/p>\n","protected":false},"excerpt":{"rendered":"<p>Die rechtlichen Grundlagen f\u00fcr die Einrichtung der Trierer Jugendvertretung reichen von der Weltpolitik \u00fcber die Bundes- und Landespolitik bis zur Lokalpolitik: Kinderrechtskonvention der Vereinten Nationen Artikel 12: Ber\u00fccksichtigung des Kindeswillens (1) Die Vertragsstaaten sichern dem Kind, das f\u00e4hig ist, sich eine eigene Meinung zu bilden, das Recht zu, diese Meinung in allen das Kind ber\u00fchrenden [&hellip;]<\/p>\n","protected":false},"author":4,"featured_media":0,"comment_status":"closed","ping_status":"closed","sticky":false,"template":"","format":"standard","meta":{"footnotes":""},"categories":[],"tags":[],"class_list":["post-59","post","type-post","status-publish","format-standard","czr-hentry"],"_links":{"self":[{"href":"https:\/\/trierer-jugendparlament.de\/index.php?rest_route=\/wp\/v2\/posts\/59","targetHints":{"allow":["GET"]}}],"collection":[{"href":"https:\/\/trierer-jugendparlament.de\/index.php?rest_route=\/wp\/v2\/posts"}],"about":[{"href":"https:\/\/trierer-jugendparlament.de\/index.php?rest_route=\/wp\/v2\/types\/post"}],"author":[{"embeddable":true,"href":"https:\/\/trierer-jugendparlament.de\/index.php?rest_route=\/wp\/v2\/users\/4"}],"replies":[{"embeddable":true,"href":"https:\/\/trierer-jugendparlament.de\/index.php?rest_route=%2Fwp%2Fv2%2Fcomments&post=59"}],"version-history":[{"count":18,"href":"https:\/\/trierer-jugendparlament.de\/index.php?rest_route=\/wp\/v2\/posts\/59\/revisions"}],"predecessor-version":[{"id":3040,"href":"https:\/\/trierer-jugendparlament.de\/index.php?rest_route=\/wp\/v2\/posts\/59\/revisions\/3040"}],"wp:attachment":[{"href":"https:\/\/trierer-jugendparlament.de\/index.php?rest_route=%2Fwp%2Fv2%2Fmedia&parent=59"}],"wp:term":[{"taxonomy":"category","embeddable":true,"href":"https:\/\/trierer-jugendparlament.de\/index.php?rest_route=%2Fwp%2Fv2%2Fcategories&post=59"},{"taxonomy":"post_tag","embeddable":true,"href":"https:\/\/trierer-jugendparlament.de\/index.php?rest_route=%2Fwp%2Fv2%2Ftags&post=59"}],"curies":[{"name":"wp","href":"https:\/\/api.w.org\/{rel}","templated":true}]}}