{"id":810,"date":"2014-03-25T13:13:51","date_gmt":"2014-03-25T12:13:51","guid":{"rendered":"http:\/\/neu.trierer-jugendparlament.de\/?page_id=810"},"modified":"2024-02-03T17:16:19","modified_gmt":"2024-02-03T16:16:19","slug":"offener-freitag","status":"publish","type":"post","link":"https:\/\/trierer-jugendparlament.de\/?p=810","title":{"rendered":"JuPa-B\u00fcrozeiten"},"content":{"rendered":"<div class=\"wp-block-image\">\n<figure class=\"alignleft\"><a href=\"http:\/\/neu.trierer-jugendparlament.de\/wp-content\/uploads\/2016\/05\/offenes-Ohr.jpg\"><img decoding=\"async\" src=\"http:\/\/neu.trierer-jugendparlament.de\/wp-content\/uploads\/2016\/05\/offenes-Ohr-280x300.jpg\" alt=\"offenes Ohr\" class=\"wp-image-1814\"\/><\/a><\/figure>\n<\/div>\n\n\n<p><strong>Freitag ist JuPa-Tag! Wir haben ein offenes Ohr f\u00fcr dich!<\/strong><\/p>\n\n\n\n<p><em>Wenn Du mitreden willst, schreib uns und komm n\u00e4chsten Freitag vorbei!<\/em><\/p>\n\n\n\n<p>Wir sind die Stimme der Jugendlichen aus Trier. Oft wissen wir ziemlich genau, was Jugendliche in der Stadt bewegt. Aber nat\u00fcrlich k\u00f6nnen wir nie alles wissen und sicherlich gibt es Meinungen, Probleme oder Anregungen, von denen wir noch nichts geh\u00f6rt haben.<\/p>\n\n\n\n<p><strong>DU<\/strong> hast Kritik, Anregungen oder W\u00fcnsche wie man Trier jugendfreundlicher gestalten kann?<br>Dann <strong>sag uns deine Meinung<\/strong> in unseren Sprechstunden!<\/p>\n\n\n\n<p><span style=\"color: #ff6600;\"><strong>WANN?<\/strong><\/span><\/p>\n\n\n\n<p><span style=\"color: #333333;\"><strong>Freitags<\/strong> in der Schulzeit zwischen <\/span><strong>14:00 und 17:00 Uhr<\/strong>.<\/p>\n\n\n\n<p><br>Viele Mitglieder des Jugendparlaments sind regelm\u00e4\u00dfig Freitags in der Gesch\u00e4ftsstelle oder im Rathaus aktiv. Um sicher zu stellen, dass jemand f\u00fcr dich da ist schreib uns einfach eine Mail und wir nennen dir den n\u00e4chsten Termin: geschaeftsstelle@trierer-jugendparlament.de <br><\/p>\n\n\n\n<p><span style=\"color: #ff6600;\"><strong>WO?<\/strong><\/span><br><span style=\"color: #000000;\"> In unserer <strong>Gesch\u00e4ftsstelle<\/strong> in der Zuckerbergstra\u00dfe 30<\/span><\/p>\n","protected":false},"excerpt":{"rendered":"<p>Freitag ist JuPa-Tag! Wir haben ein offenes Ohr f\u00fcr dich! Wenn Du mitreden willst, schreib uns und komm n\u00e4chsten Freitag vorbei! Wir sind die Stimme der Jugendlichen aus Trier. Oft wissen wir ziemlich genau, was Jugendliche in der Stadt bewegt. Aber nat\u00fcrlich k\u00f6nnen wir nie alles wissen und sicherlich gibt es Meinungen, Probleme oder Anregungen, [&hellip;]<\/p>\n","protected":false},"author":4,"featured_media":0,"comment_status":"closed","ping_status":"closed","sticky":false,"template":"","format":"standard","meta":{"footnotes":""},"categories":[1],"tags":[],"class_list":{"0":"post-810","1":"post","2":"type-post","3":"status-publish","4":"format-standard","6":"category-uncategorized","7":"czr-hentry"},"_links":{"self":[{"href":"https:\/\/trierer-jugendparlament.de\/index.php?rest_route=\/wp\/v2\/posts\/810","targetHints":{"allow":["GET"]}}],"collection":[{"href":"https:\/\/trierer-jugendparlament.de\/index.php?rest_route=\/wp\/v2\/posts"}],"about":[{"href":"https:\/\/trierer-jugendparlament.de\/index.php?rest_route=\/wp\/v2\/types\/post"}],"author":[{"embeddable":true,"href":"https:\/\/trierer-jugendparlament.de\/index.php?rest_route=\/wp\/v2\/users\/4"}],"replies":[{"embeddable":true,"href":"https:\/\/trierer-jugendparlament.de\/index.php?rest_route=%2Fwp%2Fv2%2Fcomments&post=810"}],"version-history":[{"count":29,"href":"https:\/\/trierer-jugendparlament.de\/index.php?rest_route=\/wp\/v2\/posts\/810\/revisions"}],"predecessor-version":[{"id":3139,"href":"https:\/\/trierer-jugendparlament.de\/index.php?rest_route=\/wp\/v2\/posts\/810\/revisions\/3139"}],"wp:attachment":[{"href":"https:\/\/trierer-jugendparlament.de\/index.php?rest_route=%2Fwp%2Fv2%2Fmedia&parent=810"}],"wp:term":[{"taxonomy":"category","embeddable":true,"href":"https:\/\/trierer-jugendparlament.de\/index.php?rest_route=%2Fwp%2Fv2%2Fcategories&post=810"},{"taxonomy":"post_tag","embeddable":true,"href":"https:\/\/trierer-jugendparlament.de\/index.php?rest_route=%2Fwp%2Fv2%2Ftags&post=810"}],"curies":[{"name":"wp","href":"https:\/\/api.w.org\/{rel}","templated":true}]}}