{"id":85,"date":"2023-11-14T12:52:06","date_gmt":"2023-11-14T11:52:06","guid":{"rendered":"http:\/\/neu.trierer-jugendparlament.de\/?page_id=85"},"modified":"2026-03-09T13:45:57","modified_gmt":"2026-03-09T12:45:57","slug":"die-arbeitsgruppen","status":"publish","type":"post","link":"https:\/\/trierer-jugendparlament.de\/?p=85","title":{"rendered":"Arbeitsgruppen"},"content":{"rendered":"\n<p><\/p>\n\n\n\n<p>Das derzeitige Jugendparlament ist noch nicht lange im Amt. Bisher wurden noch keine Arbeitsgruppen und Projektgruppen gebildet. Dazu muss das JuPa n\u00e4mlich erst einmal von EUREN Interessen erfahren. Das Jupa vertritt die Jugendlichen in Trier. Jetzt steht an herauszufinden, was viele Jugendliche in Trier besch\u00e4ftigt, um daraufhin AG&#8217;s zu gr\u00fcnden und Projekte ins Leben zu rufen. Wie das am besten funktioniert wird momentan besprochen.<\/p>\n\n\n\n<p>Sobald Projekt- oder Arbeitsgruppen feststehen findest du sie hier aufgelistet.<\/p>\n\n\n\n<p>Sollte dir etwas auf der Zunge brennen, kannst du dich jederzeit bei uns melden:  geschaeftsstelle@trierer-jugendparlament.de Wir freuen uns zu h\u00f6ren, was euch Jugendliche besch\u00e4ftigt. Egal, ob gef\u00e4hrliche Radwege, fehlende Jugendr\u00e4ume oder ein ganz anderes Thema  &#8211; Wir h\u00f6ren euch zu. <\/p>\n\n\n\n<p><strong><br>Wichtig f\u00fcr Euch:<\/strong> Die Treffen der Projektgruppen sind <span style=\"color: #ef7d00;\">\u00f6ffentlich<\/span> , das bedeutet, auch wenn Ihr nicht zu den gew\u00e4hlten Mitgliedern geh\u00f6rt, k\u00f6nnt Ihr Euch dort jederzeit tatkr\u00e4ftig f\u00fcr Eure Interessen einsetzen! Schreib und einfach eine Mail oder DM per Insta (@jupa_trier).<\/p>\n\n\n\n<p><br><\/p>\n\n\n\n<figure class=\"wp-block-image size-large is-resized\"><img loading=\"lazy\" decoding=\"async\" width=\"1024\" height=\"683\" src=\"https:\/\/trierer-jugendparlament.de\/wp-content\/uploads\/2021\/03\/IMG_2950-1024x683.jpg\" alt=\"\" class=\"wp-image-2941\" style=\"width:420px;height:auto\" srcset=\"https:\/\/trierer-jugendparlament.de\/wp-content\/uploads\/2021\/03\/IMG_2950-1024x683.jpg 1024w, https:\/\/trierer-jugendparlament.de\/wp-content\/uploads\/2021\/03\/IMG_2950-300x200.jpg 300w, https:\/\/trierer-jugendparlament.de\/wp-content\/uploads\/2021\/03\/IMG_2950-150x100.jpg 150w, https:\/\/trierer-jugendparlament.de\/wp-content\/uploads\/2021\/03\/IMG_2950-768x512.jpg 768w, https:\/\/trierer-jugendparlament.de\/wp-content\/uploads\/2021\/03\/IMG_2950-1536x1024.jpg 1536w, https:\/\/trierer-jugendparlament.de\/wp-content\/uploads\/2021\/03\/IMG_2950-2048x1365.jpg 2048w\" sizes=\"auto, (max-width: 1024px) 100vw, 1024px\" \/><\/figure>\n","protected":false},"excerpt":{"rendered":"<p>Das derzeitige Jugendparlament ist noch nicht lange im Amt. Bisher wurden noch keine Arbeitsgruppen und Projektgruppen gebildet. Dazu muss das JuPa n\u00e4mlich erst einmal von EUREN Interessen erfahren. Das Jupa vertritt die Jugendlichen in Trier. Jetzt steht an herauszufinden, was viele Jugendliche in Trier besch\u00e4ftigt, um daraufhin AG&#8217;s zu gr\u00fcnden und Projekte ins Leben zu [&hellip;]<\/p>\n","protected":false},"author":4,"featured_media":0,"comment_status":"closed","ping_status":"closed","sticky":false,"template":"","format":"standard","meta":{"footnotes":""},"categories":[1],"tags":[],"class_list":{"0":"post-85","1":"post","2":"type-post","3":"status-publish","4":"format-standard","6":"category-uncategorized","7":"czr-hentry"},"_links":{"self":[{"href":"https:\/\/trierer-jugendparlament.de\/index.php?rest_route=\/wp\/v2\/posts\/85","targetHints":{"allow":["GET"]}}],"collection":[{"href":"https:\/\/trierer-jugendparlament.de\/index.php?rest_route=\/wp\/v2\/posts"}],"about":[{"href":"https:\/\/trierer-jugendparlament.de\/index.php?rest_route=\/wp\/v2\/types\/post"}],"author":[{"embeddable":true,"href":"https:\/\/trierer-jugendparlament.de\/index.php?rest_route=\/wp\/v2\/users\/4"}],"replies":[{"embeddable":true,"href":"https:\/\/trierer-jugendparlament.de\/index.php?rest_route=%2Fwp%2Fv2%2Fcomments&post=85"}],"version-history":[{"count":73,"href":"https:\/\/trierer-jugendparlament.de\/index.php?rest_route=\/wp\/v2\/posts\/85\/revisions"}],"predecessor-version":[{"id":3558,"href":"https:\/\/trierer-jugendparlament.de\/index.php?rest_route=\/wp\/v2\/posts\/85\/revisions\/3558"}],"wp:attachment":[{"href":"https:\/\/trierer-jugendparlament.de\/index.php?rest_route=%2Fwp%2Fv2%2Fmedia&parent=85"}],"wp:term":[{"taxonomy":"category","embeddable":true,"href":"https:\/\/trierer-jugendparlament.de\/index.php?rest_route=%2Fwp%2Fv2%2Fcategories&post=85"},{"taxonomy":"post_tag","embeddable":true,"href":"https:\/\/trierer-jugendparlament.de\/index.php?rest_route=%2Fwp%2Fv2%2Ftags&post=85"}],"curies":[{"name":"wp","href":"https:\/\/api.w.org\/{rel}","templated":true}]}}